{"id":1753,"date":"2022-02-03T08:35:49","date_gmt":"2022-02-03T13:35:49","guid":{"rendered":"https:\/\/opendr2024dev.wpenginepowered.com\/news\/una-reflexion-del-dr-robert-thompson\/"},"modified":"2022-02-03T08:35:49","modified_gmt":"2022-02-03T13:35:49","slug":"una-reflexion-del-dr-robert-thompson","status":"publish","type":"post","link":"https:\/\/opendoorcarenetwork.org\/es\/news\/una-reflexion-del-dr-robert-thompson\/","title":{"rendered":"Una reflexi\u00f3n del Dr. Robert Thompson"},"content":{"rendered":"<p><em>Al comenzar el Mes de la Historia Negra, nos gustar\u00eda compartir un art\u00edculo escrito en honor del D\u00eda de Martin Luther King Jr. por el Dr. Robert Thompson, de Open Door, para el personal de Open Door.<br \/>\npor el Dr. Robert Thompson, de Open Door, para el personal de Open Door. <\/em>  Como \u00e9ste es el mes en que celebramos la vida del Dr. Martin Luther King, me han pedido que reflexione sobre mis experiencias como m\u00e9dico afroamericano y mis vivencias.<br \/>\n(Perm\u00edtanme prologar esto diciendo que soy un m\u00e9dico\/proveedor que da la casualidad de que soy negro, y para el caso ni siquiera sab\u00eda que era negro hasta primer curso, cuando otro ni\u00f1o me dijo que no pod\u00eda ser agente del FBI porque era negro, y me fui a casa y mir\u00e9 a mi alrededor &#8211; \u00abohh\u00bb).<br \/>\nEl Dr. King era un ferviente defensor de <strong>la igualdad racial<\/strong>.<br \/>\nTambi\u00e9n vio la necesidad de <strong>igualdad econ\u00f3mica y educativa<\/strong> y la capacidad de utilizar las habilidades aprendidas para ascender y empoderarse.<br \/>\nSer\u00eda negligente por mi parte si no reconociera a mi bisabuelo, que trabajaba el carb\u00f3n en invierno y la jardiner\u00eda en verano, y que ayud\u00f3 a mi abuelo a estudiar odontolog\u00eda y a mi padre y a sus primos a estudiar odontolog\u00eda y otros estudios profesionales.<br \/>\nPor tanto, estuve rodeada de profesionales en mis primeros a\u00f1os de vida.<br \/>\nCreo que al haberme criado dentro de este legado, junto con otras motivaciones personales, encontr\u00e9 mi camino hacia la elecci\u00f3n de la medicina.<br \/>\nAparte de peque\u00f1os baches en el camino, \u00e9sta ha sido una vida maravillosa.<br \/>\nDebo mencionar que en noveno curso asist\u00ed a un debate extraescolar para estudiantes que quer\u00edan ser m\u00e9dicos.<br \/>\nAsist\u00ed con entusiasmo y me acord\u00e9 de hacer preguntas, aunque normalmente soy t\u00edmida y era la \u00fanica estudiante negra.<br \/>\nDespu\u00e9s de la reuni\u00f3n me acerqu\u00e9 al m\u00e9dico, que era blanco, para hacerle otra pregunta, y me dijo a bocajarro: \u00abOlv\u00eddalo, nunca ser\u00e1s m\u00e9dico\u00bb.<br \/>\nMe qued\u00e9 destrozada y no sab\u00eda qu\u00e9 hacer; se trataba de un profesional, ten\u00eda que saber de lo que hablaba.<br \/>\nCuando llegu\u00e9 a casa, mi padre, con su sabidur\u00eda, me dijo unas palabras muy acertadas, de modo que dej\u00e9 a un lado mis dudas y renov\u00e9 el vigor con el que emprend\u00ed mi carrera.<br \/>\nHe tenido la suerte de trabajar en muchos lugares distintos a lo largo de mi vida, pero siempre he trabajado con comunidades desfavorecidas, ya sea en Washington, DC, Cleveland, OH, las Islas V\u00edrgenes de EEUU o aqu\u00ed, en Ossining.<br \/>\nHe trabajado con Hess Oil, Ford Motor Company y la Guardia Nacional del Ej\u00e9rcito, pero independientemente de d\u00f3nde haya trabajado, el impacto de dar tratamiento, atenci\u00f3n y orientaci\u00f3n a esa persona que tienes delante es el mismo.<br \/>\nA veces, esa persona se convierte en tu amigo de coraz\u00f3n para siempre.<br \/>\nEstuve desplegado en Irak y una de las responsabilidades de los equipos m\u00e9dicos era salir a la ciudad y hacer Med readies.<br \/>\nSe trata de una estrategia en la que montas una cl\u00ednica improvisada en un edificio abandonado e informas a la comunidad circundante de que el equipo m\u00e9dico estaba all\u00ed (ya que hab\u00edamos arrasado su infraestructura sanitaria).<br \/>\nNos qued\u00e1bamos un par de horas y examin\u00e1bamos a cualquiera que viniera, d\u00e1ndole medicinas, consejos y cualquier otra cosa que pudi\u00e9ramos ofrecerle.<br \/>\nEsta mujer ten\u00eda signos de celulitis en el cuerpo, y le di consejos y antibi\u00f3ticos para resolver la infecci\u00f3n.<br \/>\nSu rostro se ilumin\u00f3 de agradecimiento y me dio las gracias con una sonrisa en los ojos que a\u00fan hoy puedo sentir.<br \/>\nEl acto de cuidar a ese individuo que tenemos delante siempre se convierte en algo tan personal, estemos donde estemos.<br \/>\nTenemos la suerte y la bendici\u00f3n de prestar cuidados a nuestra comunidad, y Open Door nos proporciona el lugar para hacerlo.                       Puede que tengamos or\u00edgenes distintos, yo mismo soy de ascendencia negra y caribe\u00f1a, pero al final lo que marca la diferencia es la atenci\u00f3n.<br \/>\nCuando nos unimos como comunidad de ascendencia mixta para atender a todos los necesitados con la misma compasi\u00f3n, curamos y elevamos a nuestras poblaciones.<br \/>\nHe tenido la suerte de trabajar con profesionales cari\u00f1osos, inteligentes y comprometidos que creo que hacen de nuestra comunidad un lugar mejor y m\u00e1s sano.    <strong>Cuando te preocupas de verdad, todos somos iguales.<br \/>\nAqu\u00ed, nos preocupamos. <\/strong><\/p>\n","protected":false},"excerpt":{"rendered":"<p>Al comenzar el Mes de la Historia Negra, nos gustar\u00eda compartir un art\u00edculo escrito en honor del D\u00eda de Martin Luther King Jr. por el Dr. Robert Thompson, de Open Door, para el personal de Open Door. por el Dr. Robert Thompson, de Open Door, para el personal de Open Door. Como \u00e9ste es el [&hellip;]<\/p>\n","protected":false},"author":2,"featured_media":993,"comment_status":"open","ping_status":"open","sticky":false,"template":"","format":"standard","meta":{"_acf_changed":false,"footnotes":""},"categories":[25,44],"tags":[],"class_list":["post-1753","post","type-post","status-publish","format-standard","has-post-thumbnail","hentry","category-actualizaciones","category-sobre-nosotros"],"acf":[],"_links":{"self":[{"href":"https:\/\/opendoorcarenetwork.org\/es\/wp-json\/wp\/v2\/posts\/1753","targetHints":{"allow":["GET"]}}],"collection":[{"href":"https:\/\/opendoorcarenetwork.org\/es\/wp-json\/wp\/v2\/posts"}],"about":[{"href":"https:\/\/opendoorcarenetwork.org\/es\/wp-json\/wp\/v2\/types\/post"}],"author":[{"embeddable":true,"href":"https:\/\/opendoorcarenetwork.org\/es\/wp-json\/wp\/v2\/users\/2"}],"replies":[{"embeddable":true,"href":"https:\/\/opendoorcarenetwork.org\/es\/wp-json\/wp\/v2\/comments?post=1753"}],"version-history":[{"count":0,"href":"https:\/\/opendoorcarenetwork.org\/es\/wp-json\/wp\/v2\/posts\/1753\/revisions"}],"wp:featuredmedia":[{"embeddable":true,"href":"https:\/\/opendoorcarenetwork.org\/es\/wp-json\/wp\/v2\/media\/993"}],"wp:attachment":[{"href":"https:\/\/opendoorcarenetwork.org\/es\/wp-json\/wp\/v2\/media?parent=1753"}],"wp:term":[{"taxonomy":"category","embeddable":true,"href":"https:\/\/opendoorcarenetwork.org\/es\/wp-json\/wp\/v2\/categories?post=1753"},{"taxonomy":"post_tag","embeddable":true,"href":"https:\/\/opendoorcarenetwork.org\/es\/wp-json\/wp\/v2\/tags?post=1753"}],"curies":[{"name":"wp","href":"https:\/\/api.w.org\/{rel}","templated":true}]}}